{"id":102,"date":"2012-11-23T15:35:08","date_gmt":"2012-11-23T14:35:08","guid":{"rendered":"http:\/\/derechoprocesal.umh.es\/?p=102"},"modified":"2019-04-16T20:23:27","modified_gmt":"2019-04-16T18:23:27","slug":"ofuentes-radio-umh-1","status":"publish","type":"post","link":"https:\/\/derechoprocesal.umh.es\/ca\/2012\/11\/23\/ofuentes-radio-umh-1\/","title":{"rendered":"<span lang=\"es\">(Espa\u00f1ol) Olga Fuentes es entrevistada en la Radio UMH con ocasi\u00f3n del D\u00eda Internacional contra la Violencia de G\u00e9nero<\/span>"},"content":{"rendered":"<p><\/p>\n<\/p>\n<p><\/p>","protected":false},"excerpt":{"rendered":"","protected":false},"author":904,"featured_media":0,"comment_status":"closed","ping_status":"open","sticky":false,"template":"","format":"standard","meta":{"_links_to":"","_links_to_target":""},"categories":[3347,3393,3392],"tags":[],"_links":{"self":[{"href":"https:\/\/derechoprocesal.umh.es\/ca\/wp-json\/wp\/v2\/posts\/102"}],"collection":[{"href":"https:\/\/derechoprocesal.umh.es\/ca\/wp-json\/wp\/v2\/posts"}],"about":[{"href":"https:\/\/derechoprocesal.umh.es\/ca\/wp-json\/wp\/v2\/types\/post"}],"author":[{"embeddable":true,"href":"https:\/\/derechoprocesal.umh.es\/ca\/wp-json\/wp\/v2\/users\/904"}],"replies":[{"embeddable":true,"href":"https:\/\/derechoprocesal.umh.es\/ca\/wp-json\/wp\/v2\/comments?post=102"}],"version-history":[{"count":0,"href":"https:\/\/derechoprocesal.umh.es\/ca\/wp-json\/wp\/v2\/posts\/102\/revisions"}],"wp:attachment":[{"href":"https:\/\/derechoprocesal.umh.es\/ca\/wp-json\/wp\/v2\/media?parent=102"}],"wp:term":[{"taxonomy":"category","embeddable":true,"href":"https:\/\/derechoprocesal.umh.es\/ca\/wp-json\/wp\/v2\/categories?post=102"},{"taxonomy":"post_tag","embeddable":true,"href":"https:\/\/derechoprocesal.umh.es\/ca\/wp-json\/wp\/v2\/tags?post=102"}],"curies":[{"name":"wp","href":"https:\/\/api.w.org\/{rel}","templated":true}]}}