{"id":1250,"date":"2016-05-15T12:37:41","date_gmt":"2016-05-15T10:37:41","guid":{"rendered":"http:\/\/derechoprocesal.umh.es\/?p=1250"},"modified":"2019-06-07T12:51:23","modified_gmt":"2019-06-07T10:51:23","slug":"graduacion-de-la-iii-promocion-del-grado-en-relaciones-laborales-y-recursos-humanos","status":"publish","type":"post","link":"https:\/\/derechoprocesal.umh.es\/ca\/2016\/05\/15\/graduacion-de-la-iii-promocion-del-grado-en-relaciones-laborales-y-recursos-humanos\/","title":{"rendered":"<span lang=\"es\">(Espa\u00f1ol) Graduaci\u00f3n de la III promoci\u00f3n del grado en Relaciones Laborales y Recursos Humanos<\/span>"},"content":{"rendered":"<p class=\"qtranxs-available-languages-message qtranxs-available-languages-message-ca\">Ho sentim, aquesta entrada es troba disponible \u00fanicament en <a href=\"https:\/\/derechoprocesal.umh.es\/es\/wp-json\/wp\/v2\/posts\/1250\" class=\"qtranxs-available-language-link qtranxs-available-language-link-es\" title=\"Espa\u00f1ol\">Espanyol Europeu<\/a>.<\/p>","protected":false},"excerpt":{"rendered":"<p>Ho sentim, aquesta entrada es troba disponible \u00fanicament en Espanyol Europeu.<\/p>\n","protected":false},"author":4379,"featured_media":0,"comment_status":"closed","ping_status":"open","sticky":false,"template":"","format":"standard","meta":{"_links_to":"","_links_to_target":""},"categories":[649,3096,65,2145,1769],"tags":[3663,2145,41903],"_links":{"self":[{"href":"https:\/\/derechoprocesal.umh.es\/ca\/wp-json\/wp\/v2\/posts\/1250"}],"collection":[{"href":"https:\/\/derechoprocesal.umh.es\/ca\/wp-json\/wp\/v2\/posts"}],"about":[{"href":"https:\/\/derechoprocesal.umh.es\/ca\/wp-json\/wp\/v2\/types\/post"}],"author":[{"embeddable":true,"href":"https:\/\/derechoprocesal.umh.es\/ca\/wp-json\/wp\/v2\/users\/4379"}],"replies":[{"embeddable":true,"href":"https:\/\/derechoprocesal.umh.es\/ca\/wp-json\/wp\/v2\/comments?post=1250"}],"version-history":[{"count":0,"href":"https:\/\/derechoprocesal.umh.es\/ca\/wp-json\/wp\/v2\/posts\/1250\/revisions"}],"wp:attachment":[{"href":"https:\/\/derechoprocesal.umh.es\/ca\/wp-json\/wp\/v2\/media?parent=1250"}],"wp:term":[{"taxonomy":"category","embeddable":true,"href":"https:\/\/derechoprocesal.umh.es\/ca\/wp-json\/wp\/v2\/categories?post=1250"},{"taxonomy":"post_tag","embeddable":true,"href":"https:\/\/derechoprocesal.umh.es\/ca\/wp-json\/wp\/v2\/tags?post=1250"}],"curies":[{"name":"wp","href":"https:\/\/api.w.org\/{rel}","templated":true}]}}