{"id":2425,"date":"2022-07-20T10:58:09","date_gmt":"2022-07-20T08:58:09","guid":{"rendered":"https:\/\/derechoprocesal.umh.es\/?p=2425"},"modified":"2023-12-21T23:04:23","modified_gmt":"2023-12-21T22:04:23","slug":"publicacion-dialogos-para-el-futuro-judicial-xlviii-la-proteccion-judicial-de-la-infancia-examen-y-perspectiva","status":"publish","type":"post","link":"https:\/\/derechoprocesal.umh.es\/ca\/2022\/07\/20\/publicacion-dialogos-para-el-futuro-judicial-xlviii-la-proteccion-judicial-de-la-infancia-examen-y-perspectiva\/","title":{"rendered":"<span lang=\"es\">(Espa\u00f1ol) Publicaci\u00f3n: &#8220;Di\u00e1logos para el futuro judicial XLVIII. La protecci\u00f3n judicial de la infancia: examen y perspectiva&#8221;<\/span>"},"content":{"rendered":"<p class=\"qtranxs-available-languages-message qtranxs-available-languages-message-ca\">Ho sentim, aquesta entrada es troba disponible \u00fanicament en <a href=\"https:\/\/derechoprocesal.umh.es\/es\/wp-json\/wp\/v2\/posts\/2425\" class=\"qtranxs-available-language-link qtranxs-available-language-link-es\" title=\"Espa\u00f1ol\">Espanyol Europeu<\/a>.<\/p>","protected":false},"excerpt":{"rendered":"<p>Ho sentim, aquesta entrada es troba disponible \u00fanicament en Espanyol Europeu.<\/p>\n","protected":false},"author":24763,"featured_media":0,"comment_status":"closed","ping_status":"open","sticky":false,"template":"","format":"standard","meta":{"_links_to":"","_links_to_target":""},"categories":[75],"tags":[],"_links":{"self":[{"href":"https:\/\/derechoprocesal.umh.es\/ca\/wp-json\/wp\/v2\/posts\/2425"}],"collection":[{"href":"https:\/\/derechoprocesal.umh.es\/ca\/wp-json\/wp\/v2\/posts"}],"about":[{"href":"https:\/\/derechoprocesal.umh.es\/ca\/wp-json\/wp\/v2\/types\/post"}],"author":[{"embeddable":true,"href":"https:\/\/derechoprocesal.umh.es\/ca\/wp-json\/wp\/v2\/users\/24763"}],"replies":[{"embeddable":true,"href":"https:\/\/derechoprocesal.umh.es\/ca\/wp-json\/wp\/v2\/comments?post=2425"}],"version-history":[{"count":0,"href":"https:\/\/derechoprocesal.umh.es\/ca\/wp-json\/wp\/v2\/posts\/2425\/revisions"}],"wp:attachment":[{"href":"https:\/\/derechoprocesal.umh.es\/ca\/wp-json\/wp\/v2\/media?parent=2425"}],"wp:term":[{"taxonomy":"category","embeddable":true,"href":"https:\/\/derechoprocesal.umh.es\/ca\/wp-json\/wp\/v2\/categories?post=2425"},{"taxonomy":"post_tag","embeddable":true,"href":"https:\/\/derechoprocesal.umh.es\/ca\/wp-json\/wp\/v2\/tags?post=2425"}],"curies":[{"name":"wp","href":"https:\/\/api.w.org\/{rel}","templated":true}]}}