{"id":2722,"date":"2023-10-29T18:35:07","date_gmt":"2023-10-29T17:35:07","guid":{"rendered":"https:\/\/derechoprocesal.umh.es\/?p=2722"},"modified":"2024-01-07T19:46:05","modified_gmt":"2024-01-07T18:46:05","slug":"participacion-de-paloma-arrabal-platero-en-el-iv-congreso-internacional-la-defensa-de-las-personas-en-condicion-de-vulnerabilidad","status":"publish","type":"post","link":"https:\/\/derechoprocesal.umh.es\/ca\/2023\/10\/29\/participacion-de-paloma-arrabal-platero-en-el-iv-congreso-internacional-la-defensa-de-las-personas-en-condicion-de-vulnerabilidad\/","title":{"rendered":"<span lang=\"es\">(Espa\u00f1ol) Participaci\u00f3n de Paloma Arrabal Platero en el IV Congreso internacional &#8220;La defensa de las personas en condici\u00f3n de vulnerabilidad&#8221;<\/span>"},"content":{"rendered":"<p class=\"qtranxs-available-languages-message qtranxs-available-languages-message-ca\">Ho sentim, aquesta entrada es troba disponible \u00fanicament en <a href=\"https:\/\/derechoprocesal.umh.es\/es\/wp-json\/wp\/v2\/posts\/2722\" class=\"qtranxs-available-language-link qtranxs-available-language-link-es\" title=\"Espa\u00f1ol\">Espanyol Europeu<\/a>.<\/p>","protected":false},"excerpt":{"rendered":"<p>Ho sentim, aquesta entrada es troba disponible \u00fanicament en Espanyol Europeu.<\/p>\n","protected":false},"author":24816,"featured_media":0,"comment_status":"closed","ping_status":"open","sticky":false,"template":"","format":"standard","meta":{"_links_to":"","_links_to_target":""},"categories":[3404,11270],"tags":[],"_links":{"self":[{"href":"https:\/\/derechoprocesal.umh.es\/ca\/wp-json\/wp\/v2\/posts\/2722"}],"collection":[{"href":"https:\/\/derechoprocesal.umh.es\/ca\/wp-json\/wp\/v2\/posts"}],"about":[{"href":"https:\/\/derechoprocesal.umh.es\/ca\/wp-json\/wp\/v2\/types\/post"}],"author":[{"embeddable":true,"href":"https:\/\/derechoprocesal.umh.es\/ca\/wp-json\/wp\/v2\/users\/24816"}],"replies":[{"embeddable":true,"href":"https:\/\/derechoprocesal.umh.es\/ca\/wp-json\/wp\/v2\/comments?post=2722"}],"version-history":[{"count":0,"href":"https:\/\/derechoprocesal.umh.es\/ca\/wp-json\/wp\/v2\/posts\/2722\/revisions"}],"wp:attachment":[{"href":"https:\/\/derechoprocesal.umh.es\/ca\/wp-json\/wp\/v2\/media?parent=2722"}],"wp:term":[{"taxonomy":"category","embeddable":true,"href":"https:\/\/derechoprocesal.umh.es\/ca\/wp-json\/wp\/v2\/categories?post=2722"},{"taxonomy":"post_tag","embeddable":true,"href":"https:\/\/derechoprocesal.umh.es\/ca\/wp-json\/wp\/v2\/tags?post=2722"}],"curies":[{"name":"wp","href":"https:\/\/api.w.org\/{rel}","templated":true}]}}