{"id":305,"date":"2016-02-08T23:53:32","date_gmt":"2016-02-08T22:53:32","guid":{"rendered":"http:\/\/derechoprocesal.umh.es\/?p=305"},"modified":"2019-03-13T15:33:11","modified_gmt":"2019-03-13T14:33:11","slug":"graduacion-de-la-iii-promocion-del-master-en-abogacia-umh-icae","status":"publish","type":"post","link":"https:\/\/derechoprocesal.umh.es\/ca\/2016\/02\/08\/graduacion-de-la-iii-promocion-del-master-en-abogacia-umh-icae\/","title":{"rendered":"Graduaci\u00f3n de la III promoci\u00f3n del M\u00e1ster en Abogac\u00eda UMH-ICAE"},"content":{"rendered":"<p><img loading=\"lazy\" src=\"https:\/\/derechoprocesal.umh.es\/files\/2013\/12\/Logo-UMH-ICAE-300x60.jpg\" alt=\"\" width=\"300\" height=\"60\" class=\"aligncenter size-medium wp-image-160\" srcset=\"https:\/\/derechoprocesal.umh.es\/files\/2013\/12\/Logo-UMH-ICAE-300x60.jpg 300w, https:\/\/derechoprocesal.umh.es\/files\/2013\/12\/Logo-UMH-ICAE.jpg 488w\" sizes=\"(max-width: 300px) 100vw, 300px\" \/><br \/>\nEl M\u00e1ster Universitario en Abogac\u00eda que organizan conjuntamente la Universidad Miguel Hern\u00e1ndez y el Ilustre Colegio de Abogados de Elche ha celebrado la graduaci\u00f3n de su tercera promoci\u00f3n.<br \/>\nEl acto, que tuvo lugar en el Sal\u00f3n de Actos del Ilustre Colegio de Abogados de Elche (ICAE) el 5 de febrero del 2016, cont\u00f3 con la conferencia de clausura del profesor \u00c1lvarez Alarc\u00f3n, catedr\u00e1tico de derecho procesal de la Universidad de C\u00e1diz. La conferencia, con la que se cerr\u00f3 esta tercera edici\u00f3n del M\u00e1ster, vers\u00f3 sobre \u201cEl principio dispositivo en la estrategia del abogado\u201d.<br \/>\n<img loading=\"lazy\" src=\"https:\/\/derechoprocesal.umh.es\/files\/2016\/02\/IMG_0026-300x225.jpg\" alt=\"IMG_0026\" width=\"300\" height=\"225\" class=\"aligncenter size-medium wp-image-306\" srcset=\"https:\/\/derechoprocesal.umh.es\/files\/2016\/02\/IMG_0026-300x225.jpg 300w, https:\/\/derechoprocesal.umh.es\/files\/2016\/02\/IMG_0026.jpg 320w\" sizes=\"(max-width: 300px) 100vw, 300px\" \/><\/p>\n<p>El acto fue presidido por el Decano del Ilustre Colegio de abogados de Elche, D. Vicente Pascual Pascual y en \u00e9l intervinieron D. Antonio Prats Albentosa, codirector del M\u00e1ster, D\u00aa Olga Fuentes Soriano, directora del M\u00e1ster y el Decano de la Facultad de Ciencias Sociales y Jur\u00eddicas de la Universidad Miguel Hern\u00e1ndez, D. Fernando Mir\u00f3 Llinares.<br \/>\nTodas las intervenciones destacaron la importancia y la necesidad de abordar el estudio del derecho desde la perspectiva pr\u00e1ctica del abogado una vez concluidos los estudios de grado o licenciatura y antes de adentrarse en el ejercicio pleno de la abogac\u00eda. Este hecho cobra una especial necesidad desde el momento en que la superaci\u00f3n de este M\u00e1ster y tambi\u00e9n de un examen nacional con posterioridad se ha convertido ya para los nuevos graduados en una exigencia legal. De hecho, esta es la primera promoci\u00f3n  que en su mayor\u00eda se ha visto abocada a la obligatoria realizaci\u00f3n del M\u00e1ster d\u00e1ndose la circunstancia de que todos los alumnos que comenzaron han terminado \u00e9ste exitosamente y en su primera convocatoria.<br \/>\nDel mismo modo, todas las intervenciones desearon a los estudiantes la mejor de las suertes de cara al examen de acceso a la abogac\u00eda convocado para el d\u00eda 27 de este mes de febrero y al que se considera a estos estudiantes sobradamente preparados para su superaci\u00f3n. (ver noticia del examen: https:\/\/masterabogacia-umh-icae.edu.umh.es\/2015\/09\/23\/el-primer-examen-de-acceso-a-la-abogacia-de-2016-sera-en-febrero\/ ).<\/p>\n<p>El acto finaliz\u00f3 con la entrega de diplomas a antiguos alumnos, ahora egresados M\u00e1ster.<br \/>\n<img loading=\"lazy\" src=\"https:\/\/derechoprocesal.umh.es\/files\/2016\/02\/IMG_0038-300x225.jpg\" alt=\"IMG_0038\" width=\"300\" height=\"225\" class=\"aligncenter size-medium wp-image-307\" srcset=\"https:\/\/derechoprocesal.umh.es\/files\/2016\/02\/IMG_0038-300x225.jpg 300w, https:\/\/derechoprocesal.umh.es\/files\/2016\/02\/IMG_0038.jpg 320w\" sizes=\"(max-width: 300px) 100vw, 300px\" \/><\/p>","protected":false},"excerpt":{"rendered":"<p>El M\u00e1ster Universitario en Abogac\u00eda que organizan conjuntamente la Universidad Miguel Hern\u00e1ndez y el Ilustre Colegio de Abogados de Elche ha celebrado la graduaci\u00f3n de su tercera promoci\u00f3n.<br \/>\nEl acto, que tuvo lugar en el Sal\u00f3n de Actos del Ilustre Colegio de Abogados de Elche (ICAE) el 5 de febrero del 2016, cont\u00f3 con la conferencia [&#8230;]<\/p>\n","protected":false},"author":3350,"featured_media":0,"comment_status":"closed","ping_status":"open","sticky":false,"template":"","format":"standard","meta":{"_links_to":"","_links_to_target":""},"categories":[649,4,3404,7339,3393],"tags":[],"_links":{"self":[{"href":"https:\/\/derechoprocesal.umh.es\/ca\/wp-json\/wp\/v2\/posts\/305"}],"collection":[{"href":"https:\/\/derechoprocesal.umh.es\/ca\/wp-json\/wp\/v2\/posts"}],"about":[{"href":"https:\/\/derechoprocesal.umh.es\/ca\/wp-json\/wp\/v2\/types\/post"}],"author":[{"embeddable":true,"href":"https:\/\/derechoprocesal.umh.es\/ca\/wp-json\/wp\/v2\/users\/3350"}],"replies":[{"embeddable":true,"href":"https:\/\/derechoprocesal.umh.es\/ca\/wp-json\/wp\/v2\/comments?post=305"}],"version-history":[{"count":0,"href":"https:\/\/derechoprocesal.umh.es\/ca\/wp-json\/wp\/v2\/posts\/305\/revisions"}],"wp:attachment":[{"href":"https:\/\/derechoprocesal.umh.es\/ca\/wp-json\/wp\/v2\/media?parent=305"}],"wp:term":[{"taxonomy":"category","embeddable":true,"href":"https:\/\/derechoprocesal.umh.es\/ca\/wp-json\/wp\/v2\/categories?post=305"},{"taxonomy":"post_tag","embeddable":true,"href":"https:\/\/derechoprocesal.umh.es\/ca\/wp-json\/wp\/v2\/tags?post=305"}],"curies":[{"name":"wp","href":"https:\/\/api.w.org\/{rel}","templated":true}]}}