{"id":3065,"date":"2024-07-22T10:48:30","date_gmt":"2024-07-22T08:48:30","guid":{"rendered":"https:\/\/derechoprocesal.umh.es\/?p=3065"},"modified":"2024-07-22T10:51:19","modified_gmt":"2024-07-22T08:51:19","slug":"participacion-del-area-de-derecho-procesal-en-el-congreso-internacional-debates-interdisciplinares-acerca-de-la-violencia-de-genero-tras-20-anos-de-la-lo-1-2004-ia-convenio-de-estambul-etc","status":"publish","type":"post","link":"https:\/\/derechoprocesal.umh.es\/ca\/2024\/07\/22\/participacion-del-area-de-derecho-procesal-en-el-congreso-internacional-debates-interdisciplinares-acerca-de-la-violencia-de-genero-tras-20-anos-de-la-lo-1-2004-ia-convenio-de-estambul-etc\/","title":{"rendered":"<span lang=\"es\">(Espa\u00f1ol) Participaci\u00f3n del \u00e1rea de Derecho Procesal en el Congreso Internacional &#8220;Debates interdisciplinares acerca de la violencia de g\u00e9nero tras 20 a\u00f1os de la LO 1\/2004: IA, Convenio de Estambul, etc.&#8221;<\/span>"},"content":{"rendered":"<p class=\"qtranxs-available-languages-message qtranxs-available-languages-message-ca\">Ho sentim, aquesta entrada es troba disponible \u00fanicament en <a href=\"https:\/\/derechoprocesal.umh.es\/es\/wp-json\/wp\/v2\/posts\/3065\" class=\"qtranxs-available-language-link qtranxs-available-language-link-es\" title=\"Espa\u00f1ol\">Espanyol Europeu<\/a>.<\/p>","protected":false},"excerpt":{"rendered":"<p>Ho sentim, aquesta entrada es troba disponible \u00fanicament en Espanyol Europeu.<\/p>\n","protected":false},"author":28678,"featured_media":0,"comment_status":"closed","ping_status":"open","sticky":false,"template":"","format":"standard","meta":{"_links_to":"","_links_to_target":""},"categories":[3404],"tags":[],"_links":{"self":[{"href":"https:\/\/derechoprocesal.umh.es\/ca\/wp-json\/wp\/v2\/posts\/3065"}],"collection":[{"href":"https:\/\/derechoprocesal.umh.es\/ca\/wp-json\/wp\/v2\/posts"}],"about":[{"href":"https:\/\/derechoprocesal.umh.es\/ca\/wp-json\/wp\/v2\/types\/post"}],"author":[{"embeddable":true,"href":"https:\/\/derechoprocesal.umh.es\/ca\/wp-json\/wp\/v2\/users\/28678"}],"replies":[{"embeddable":true,"href":"https:\/\/derechoprocesal.umh.es\/ca\/wp-json\/wp\/v2\/comments?post=3065"}],"version-history":[{"count":0,"href":"https:\/\/derechoprocesal.umh.es\/ca\/wp-json\/wp\/v2\/posts\/3065\/revisions"}],"wp:attachment":[{"href":"https:\/\/derechoprocesal.umh.es\/ca\/wp-json\/wp\/v2\/media?parent=3065"}],"wp:term":[{"taxonomy":"category","embeddable":true,"href":"https:\/\/derechoprocesal.umh.es\/ca\/wp-json\/wp\/v2\/categories?post=3065"},{"taxonomy":"post_tag","embeddable":true,"href":"https:\/\/derechoprocesal.umh.es\/ca\/wp-json\/wp\/v2\/tags?post=3065"}],"curies":[{"name":"wp","href":"https:\/\/api.w.org\/{rel}","templated":true}]}}