{"id":308,"date":"2016-02-15T18:10:29","date_gmt":"2016-02-15T17:10:29","guid":{"rendered":"http:\/\/derechoprocesal.umh.es\/?p=308"},"modified":"2019-07-21T03:59:36","modified_gmt":"2019-07-21T01:59:36","slug":"aforamiento-en-la-ser-de-elche","status":"publish","type":"post","link":"https:\/\/derechoprocesal.umh.es\/ca\/2016\/02\/15\/aforamiento-en-la-ser-de-elche\/","title":{"rendered":"Aforamiento, en la Ser de Elche"},"content":{"rendered":"<p>Enlace al audio: http:\/\/play.cadenaser.com\/audio\/000WB1429220160215094816\/<\/p>\n<p>La emisora de radio de la Ser de Elche ha consultado con la profesora Fuentes Soriano, catedr\u00e1tica de derecho procesal de la UMH, la figura procesal del aforamiento. <\/p>\n<p>La periodista Cristina Medina, de la Cadena Ser Radio Elche, ha entrevistado a la profesora Fuentes Soriano a fin de indagar en el t\u00e9rmino t\u00e9cnico del aforado. <\/p>\n<p>La profesora Fuentes Soriano explica que ciertas personalidades, por raz\u00f3n del cargo que ostentan, no est\u00e1n sujetas a las normas ordinarias de competencia, sino que se someten a normas procesales especiales que los obligan a ser juzgados por \u00f3rganos superiores, normalmente el Tribunal Supremo o los Tribunales Superiores de Justicia. <\/p>\n<p>Si bien la Constituci\u00f3n Espa\u00f1ola de 1978 reconoc\u00eda este privilegio a Diputados y Senadores (v\u00e9ase art\u00edculo 71.3 CE) a fin de salvaguardar sus funciones como representaci\u00f3n de la soberan\u00eda popular, con posterioridad se ha extendido a otras figuras judiciales, institucionales y de pol\u00edtica auton\u00f3mica. <\/p>\n<p>Pese a que se trata de una garant\u00eda hist\u00f3rica, su funci\u00f3n  tiene dif\u00edcil justificaci\u00f3n hoy en d\u00eda y, por ello, provoca un rechazo social importante. Del an\u00e1lisis de la cuesti\u00f3n se deduce el uso pervertido que se ha hecho del aforamiento, politizando el \u00e1mbito judicial. Y esto se une a un hecho notable y destacado por la doctrina: la influencia pol\u00edtica que pesa sobre el Tribunal Supremo y los Tribunales Superiores de Justicia, que son los \u00f3rganos que juzgan a los aforados y aforadas. <\/p>\n<p>Un hecho destacado y puesto de relieve en la entrevista es que el aforamiento surge de una norma imperativa y que, por tanto, no se puede renunciar al mismo. La \u00fanica manera de renunciar al aforamiento es la dimisi\u00f3n del cargo que se ostenta y que permit\u00eda al sujeto estar aforado o aforada. <\/p>\n<p><\/p>","protected":false},"excerpt":{"rendered":"<p>Enlace al audio: http:\/\/play.cadenaser.com\/audio\/000WB1429220160215094816\/<br \/>\nLa emisora de radio de la Ser de Elche ha consultado con la profesora Fuentes Soriano, catedr\u00e1tica de derecho procesal de la UMH, la figura procesal del aforamiento.<br \/>\nLa periodista Cristina Medina, de la Cadena Ser Radio Elche, ha entrevistado a la profesora Fuentes Soriano a fin de indagar en el t\u00e9rmino [&#8230;]<\/p>\n","protected":false},"author":3350,"featured_media":0,"comment_status":"closed","ping_status":"open","sticky":false,"template":"","format":"standard","meta":{"_links_to":"","_links_to_target":""},"categories":[3347,3393],"tags":[11537],"_links":{"self":[{"href":"https:\/\/derechoprocesal.umh.es\/ca\/wp-json\/wp\/v2\/posts\/308"}],"collection":[{"href":"https:\/\/derechoprocesal.umh.es\/ca\/wp-json\/wp\/v2\/posts"}],"about":[{"href":"https:\/\/derechoprocesal.umh.es\/ca\/wp-json\/wp\/v2\/types\/post"}],"author":[{"embeddable":true,"href":"https:\/\/derechoprocesal.umh.es\/ca\/wp-json\/wp\/v2\/users\/3350"}],"replies":[{"embeddable":true,"href":"https:\/\/derechoprocesal.umh.es\/ca\/wp-json\/wp\/v2\/comments?post=308"}],"version-history":[{"count":0,"href":"https:\/\/derechoprocesal.umh.es\/ca\/wp-json\/wp\/v2\/posts\/308\/revisions"}],"wp:attachment":[{"href":"https:\/\/derechoprocesal.umh.es\/ca\/wp-json\/wp\/v2\/media?parent=308"}],"wp:term":[{"taxonomy":"category","embeddable":true,"href":"https:\/\/derechoprocesal.umh.es\/ca\/wp-json\/wp\/v2\/categories?post=308"},{"taxonomy":"post_tag","embeddable":true,"href":"https:\/\/derechoprocesal.umh.es\/ca\/wp-json\/wp\/v2\/tags?post=308"}],"curies":[{"name":"wp","href":"https:\/\/api.w.org\/{rel}","templated":true}]}}