{"id":326,"date":"2016-05-23T23:53:13","date_gmt":"2016-05-23T21:53:13","guid":{"rendered":"http:\/\/derechoprocesal.umh.es\/?p=326"},"modified":"2019-05-16T12:28:33","modified_gmt":"2019-05-16T10:28:33","slug":"clausurado-el-iii-seminario-permanente-de-actualidad-juridica","status":"publish","type":"post","link":"https:\/\/derechoprocesal.umh.es\/ca\/2016\/05\/23\/clausurado-el-iii-seminario-permanente-de-actualidad-juridica\/","title":{"rendered":"Clausurado el III Seminario Permanente de Actualidad Jur\u00eddica"},"content":{"rendered":"<p><img loading=\"lazy\" src=\"https:\/\/derechoprocesal.umh.es\/files\/2016\/05\/cartel-7\u00aa-sesi\u00f3n-IIISPAJ-212x300.jpg\" alt=\"cartel 7\u00aa sesi\u00f3n IIISPAJ\" width=\"212\" height=\"300\" class=\"aligncenter size-medium wp-image-327\" srcset=\"https:\/\/derechoprocesal.umh.es\/files\/2016\/05\/cartel-7\u00aa-sesi\u00f3n-IIISPAJ-212x300.jpg 212w, https:\/\/derechoprocesal.umh.es\/files\/2016\/05\/cartel-7\u00aa-sesi\u00f3n-IIISPAJ-724x1024.jpg 724w, https:\/\/derechoprocesal.umh.es\/files\/2016\/05\/cartel-7\u00aa-sesi\u00f3n-IIISPAJ.jpg 1122w\" sizes=\"(max-width: 212px) 100vw, 212px\" \/><br \/>\nEl Seminario Permanente de Actualidad Jur\u00eddica ha concluido con \u00e9xito su tercera edici\u00f3n. Esta actividad, organizada conjuntamente por el Departamento de Ciencia Jur\u00eddica y la Facultad de Ciencias Sociales y Jur\u00eddicas de Elche, ha congregado a estudiantes, profesionales, ponentes de reconocido prestigio, profesores y entidades colaboradoras durante siete sesiones a lo largo del curso 2015\/2016. <\/p>\n<p><img loading=\"lazy\" src=\"https:\/\/derechoprocesal.umh.es\/files\/2016\/05\/Cartel-general-III-SPAJ-212x300.jpg\" alt=\"Cartel general III SPAJ\" width=\"212\" height=\"300\" class=\"aligncenter size-medium wp-image-328\" srcset=\"https:\/\/derechoprocesal.umh.es\/files\/2016\/05\/Cartel-general-III-SPAJ-212x300.jpg 212w, https:\/\/derechoprocesal.umh.es\/files\/2016\/05\/Cartel-general-III-SPAJ-724x1024.jpg 724w, https:\/\/derechoprocesal.umh.es\/files\/2016\/05\/Cartel-general-III-SPAJ.jpg 1122w\" sizes=\"(max-width: 212px) 100vw, 212px\" \/><br \/>\nLa \u00faltima de las sesiones del III Seminario Permanente de Actualidad Jur\u00eddica tuvo lugar el viernes 20 de mayo, con la ponencia \u201cLos controvertidos contratos bancarios y sus procesos judiciales\u201d, a cargo de las abogadas asociadas de Cuatrecasas D\u00aa Bego\u00f1a Gonz\u00e1lez y D\u00aa Ana Mullor. En esta ocasi\u00f3n fue organizada conjuntamente por el prof. Alfonso Ortega Gim\u00e9nez (tambi\u00e9n coordinador de este III Seminario Permanente de Actualdiad Jur\u00eddica) y por la profesora Paloma Arrabal Platero (secretaria del Seminario y Profesora de Derecho procesal en el grado de Derecho semipresencial de la  UMH) y presentada por \u00e9sta \u00faltima. <\/p>\n<p><div id=\"attachment_329\" style=\"width: 310px\" class=\"wp-caption aligncenter\"><img aria-describedby=\"caption-attachment-329\" loading=\"lazy\" src=\"https:\/\/derechoprocesal.umh.es\/files\/2016\/05\/IMG_1864-300x225.jpg\" alt=\"De izq. a derecha: Ana Mullor, Bego\u00f1a Gonz\u00e1lez y Paloma Arrabal. \" width=\"300\" height=\"225\" class=\"size-medium wp-image-329\" srcset=\"https:\/\/derechoprocesal.umh.es\/files\/2016\/05\/IMG_1864-300x225.jpg 300w, https:\/\/derechoprocesal.umh.es\/files\/2016\/05\/IMG_1864.jpg 640w\" sizes=\"(max-width: 300px) 100vw, 300px\" \/><p id=\"caption-attachment-329\" class=\"wp-caption-text\">De izq. a derecha: Ana Mullor, Bego\u00f1a Gonz\u00e1lez y Paloma Arrabal.<\/p><\/div><br \/>\nEn la clausura, el prof. P\u00e9rez Juan, director del Departamento de Ciencia Jur\u00eddica, destac\u00f3 que el \u00e9xito de esta \u00faltima edici\u00f3n, que sumado a la repercusi\u00f3n de las dos ediciones precedentes, permite dar por consolidado el Seminario Permanente de Actualidad Jur\u00eddica y preparar, as\u00ed, la pr\u00f3xima edici\u00f3n.<\/p>\n<p>La profesora Fuentes Soriano, catedr\u00e1tica de derecho procesal de una Universidad Miguel Hern\u00e1ndez, ha formado parte del comit\u00e9 cient\u00edfico de la tercera edici\u00f3n de este Seminario. La participaci\u00f3n del \u00e1rea de derecho procesal se suma a la sesi\u00f3n organizada en el primer Seminario Permanente de Actualidad Jur\u00eddica, con la conferencia del prof. Asencio Mellado, catedr\u00e1tico de derecho procesal de la Universidad de Alicante. <\/p>","protected":false},"excerpt":{"rendered":"<p>El Seminario Permanente de Actualidad Jur\u00eddica ha concluido con \u00e9xito su tercera edici\u00f3n. Esta actividad, organizada conjuntamente por el Departamento de Ciencia Jur\u00eddica y la Facultad de Ciencias Sociales y Jur\u00eddicas de Elche, ha congregado a estudiantes, profesionales, ponentes de reconocido prestigio, profesores y entidades colaboradoras durante siete sesiones a lo largo del curso 2015\/2016. [&#8230;]<\/p>\n","protected":false},"author":3350,"featured_media":0,"comment_status":"closed","ping_status":"open","sticky":false,"template":"","format":"standard","meta":{"_links_to":"","_links_to_target":""},"categories":[4,3404,3393,11270],"tags":[],"_links":{"self":[{"href":"https:\/\/derechoprocesal.umh.es\/ca\/wp-json\/wp\/v2\/posts\/326"}],"collection":[{"href":"https:\/\/derechoprocesal.umh.es\/ca\/wp-json\/wp\/v2\/posts"}],"about":[{"href":"https:\/\/derechoprocesal.umh.es\/ca\/wp-json\/wp\/v2\/types\/post"}],"author":[{"embeddable":true,"href":"https:\/\/derechoprocesal.umh.es\/ca\/wp-json\/wp\/v2\/users\/3350"}],"replies":[{"embeddable":true,"href":"https:\/\/derechoprocesal.umh.es\/ca\/wp-json\/wp\/v2\/comments?post=326"}],"version-history":[{"count":0,"href":"https:\/\/derechoprocesal.umh.es\/ca\/wp-json\/wp\/v2\/posts\/326\/revisions"}],"wp:attachment":[{"href":"https:\/\/derechoprocesal.umh.es\/ca\/wp-json\/wp\/v2\/media?parent=326"}],"wp:term":[{"taxonomy":"category","embeddable":true,"href":"https:\/\/derechoprocesal.umh.es\/ca\/wp-json\/wp\/v2\/categories?post=326"},{"taxonomy":"post_tag","embeddable":true,"href":"https:\/\/derechoprocesal.umh.es\/ca\/wp-json\/wp\/v2\/tags?post=326"}],"curies":[{"name":"wp","href":"https:\/\/api.w.org\/{rel}","templated":true}]}}