{"id":668,"date":"2018-07-23T13:29:42","date_gmt":"2018-07-23T11:29:42","guid":{"rendered":"http:\/\/derechoprocesal.umh.es\/?p=668"},"modified":"2019-07-21T03:53:13","modified_gmt":"2019-07-21T01:53:13","slug":"nuevo-onda-universitas-se-puede-justificar-un-despido-con-grabaciones-de-videovigilancia","status":"publish","type":"post","link":"https:\/\/derechoprocesal.umh.es\/ca\/2018\/07\/23\/nuevo-onda-universitas-se-puede-justificar-un-despido-con-grabaciones-de-videovigilancia\/","title":{"rendered":"Nuevo ONDA UNIVERSITAS &#8220;\u00bfSe puede justificar un despido con grabaciones de videovigilancia?&#8221;"},"content":{"rendered":"<p>La profesora del \u00e1rea de Derecho procesal de la UMH, Paloma Arrabal Platero, ha participado nuevamente en el programa ONDA UNIVERSITAS de Radio 5, de Radio Nacional de Espa\u00f1a. &#8216;Onda Universitas&#8217; es un espacio de divulgaci\u00f3n sobre aspectos muy diversos de diferentes \u00e1reas de conocimiento. Profesores e investigadores de la Universidad Miguel Hern\u00e1ndez de Elche dan a conocer su trabajo y abordan mitos o dudas extendidas en nuestra sociedad.<br \/>\nEn esta ocasi\u00f3n, la profesora ARRABAL PLATERO contesta a la pregunta &#8220;\u00bfSe puede justificar un despido con grabaciones de videovigilancia?&#8221;. <\/p>\n<p>Disponible para su escucha en la siguiente web: <a href=\"http:\/\/www.rtve.es\/alacarta\/audios\/onda-universitas\/onda-universitas-se-puede-justificar-despido-grabaciones-videovigilancia-19-07-18\/4668722\/\" rel=\"noopener noreferrer\" target=\"_blank\">http:\/\/www.rtve.es\/alacarta\/audios\/onda-universitas\/onda-universitas-se-puede-justificar-despido-grabaciones-videovigilancia-19-07-18\/4668722\/<\/a><\/p>\n<p><img loading=\"lazy\" src=\"https:\/\/derechoprocesal.umh.es\/files\/2018\/07\/Foto-radio-UMH-300x169.jpg\" alt=\"\" width=\"300\" height=\"169\" class=\"aligncenter size-medium wp-image-671\" srcset=\"https:\/\/derechoprocesal.umh.es\/files\/2018\/07\/Foto-radio-UMH-300x169.jpg 300w, https:\/\/derechoprocesal.umh.es\/files\/2018\/07\/Foto-radio-UMH-768x432.jpg 768w, https:\/\/derechoprocesal.umh.es\/files\/2018\/07\/Foto-radio-UMH-1024x576.jpg 1024w\" sizes=\"(max-width: 300px) 100vw, 300px\" \/><\/p>\n<p><\/p>","protected":false},"excerpt":{"rendered":"<p>La profesora del \u00e1rea de Derecho procesal de la UMH, Paloma Arrabal Platero, ha participado nuevamente en el programa ONDA UNIVERSITAS de Radio 5, de Radio Nacional de Espa\u00f1a. &#8216;Onda Universitas&#8217; es un espacio de divulgaci\u00f3n sobre aspectos muy diversos de diferentes \u00e1reas de conocimiento. Profesores e investigadores de la Universidad Miguel Hern\u00e1ndez de Elche [&#8230;]<\/p>\n","protected":false},"author":3350,"featured_media":0,"comment_status":"closed","ping_status":"open","sticky":false,"template":"","format":"standard","meta":{"_links_to":"","_links_to_target":""},"categories":[3347,11270,1769],"tags":[11330,11543,11333],"_links":{"self":[{"href":"https:\/\/derechoprocesal.umh.es\/ca\/wp-json\/wp\/v2\/posts\/668"}],"collection":[{"href":"https:\/\/derechoprocesal.umh.es\/ca\/wp-json\/wp\/v2\/posts"}],"about":[{"href":"https:\/\/derechoprocesal.umh.es\/ca\/wp-json\/wp\/v2\/types\/post"}],"author":[{"embeddable":true,"href":"https:\/\/derechoprocesal.umh.es\/ca\/wp-json\/wp\/v2\/users\/3350"}],"replies":[{"embeddable":true,"href":"https:\/\/derechoprocesal.umh.es\/ca\/wp-json\/wp\/v2\/comments?post=668"}],"version-history":[{"count":0,"href":"https:\/\/derechoprocesal.umh.es\/ca\/wp-json\/wp\/v2\/posts\/668\/revisions"}],"wp:attachment":[{"href":"https:\/\/derechoprocesal.umh.es\/ca\/wp-json\/wp\/v2\/media?parent=668"}],"wp:term":[{"taxonomy":"category","embeddable":true,"href":"https:\/\/derechoprocesal.umh.es\/ca\/wp-json\/wp\/v2\/categories?post=668"},{"taxonomy":"post_tag","embeddable":true,"href":"https:\/\/derechoprocesal.umh.es\/ca\/wp-json\/wp\/v2\/tags?post=668"}],"curies":[{"name":"wp","href":"https:\/\/api.w.org\/{rel}","templated":true}]}}