{"id":1856,"date":"2021-05-02T17:13:45","date_gmt":"2021-05-02T15:13:45","guid":{"rendered":"https:\/\/derechoprocesal.umh.es\/?p=1856"},"modified":"2021-05-02T17:22:47","modified_gmt":"2021-05-02T15:22:47","slug":"participacion-del-area-de-derecho-procesal-en-el-seminario-interno-de-derecho-procesal","status":"publish","type":"post","link":"https:\/\/derechoprocesal.umh.es\/en\/2021\/05\/02\/participacion-del-area-de-derecho-procesal-en-el-seminario-interno-de-derecho-procesal\/","title":{"rendered":"<span lang=\"es\">(Espa\u00f1ol) Participaci\u00f3n del \u00e1rea de Derecho Procesal en el Seminario Interno de Derecho procesal<\/span>"},"content":{"rendered":"<p><a href=\"https:\/\/derechoprocesal.umh.es\/files\/2021\/05\/BBE890E8-6236-40C5-836E-37979167A0E9.jpeg\"><img loading=\"lazy\" src=\"https:\/\/derechoprocesal.umh.es\/files\/2021\/05\/BBE890E8-6236-40C5-836E-37979167A0E9-225x300.jpeg\" alt=\"I\u2019m.jpg\" width=\"225\" height=\"300\" class=\"alignnone size-medium wp-image-1862\" srcset=\"https:\/\/derechoprocesal.umh.es\/files\/2021\/05\/BBE890E8-6236-40C5-836E-37979167A0E9-225x300.jpeg 225w, https:\/\/derechoprocesal.umh.es\/files\/2021\/05\/BBE890E8-6236-40C5-836E-37979167A0E9-768x1025.jpeg 768w, https:\/\/derechoprocesal.umh.es\/files\/2021\/05\/BBE890E8-6236-40C5-836E-37979167A0E9-767x1024.jpeg 767w, https:\/\/derechoprocesal.umh.es\/files\/2021\/05\/BBE890E8-6236-40C5-836E-37979167A0E9.jpeg 1242w\" sizes=\"(max-width: 225px) 100vw, 225px\" \/><\/a><a href=\"https:\/\/derechoprocesal.umh.es\/files\/2021\/05\/423C53AA-D86C-445D-AEE5-38A58F23C7CA.jpeg\"><img loading=\"lazy\" src=\"https:\/\/derechoprocesal.umh.es\/files\/2021\/05\/423C53AA-D86C-445D-AEE5-38A58F23C7CA-225x300.jpeg\" alt=\"\" width=\"225\" height=\"300\" class=\"alignnone size-medium wp-image-1865\" srcset=\"https:\/\/derechoprocesal.umh.es\/files\/2021\/05\/423C53AA-D86C-445D-AEE5-38A58F23C7CA-225x300.jpeg 225w, https:\/\/derechoprocesal.umh.es\/files\/2021\/05\/423C53AA-D86C-445D-AEE5-38A58F23C7CA-768x1025.jpeg 768w, https:\/\/derechoprocesal.umh.es\/files\/2021\/05\/423C53AA-D86C-445D-AEE5-38A58F23C7CA-767x1024.jpeg 767w, https:\/\/derechoprocesal.umh.es\/files\/2021\/05\/423C53AA-D86C-445D-AEE5-38A58F23C7CA.jpeg 1242w\" sizes=\"(max-width: 225px) 100vw, 225px\" \/><\/a><a href=\"https:\/\/derechoprocesal.umh.es\/files\/2021\/05\/2021.-Ponencia-PUCV.-Prueba-electr\u00f3nica-p.pdf\">2021. Ponencia PUCV. Prueba electr\u00f3nica p<\/a><\/p>","protected":false},"excerpt":{"rendered":"<p>2021. Ponencia PUCV. Prueba electr\u00f3nica p<\/p>\n","protected":false},"author":5957,"featured_media":0,"comment_status":"closed","ping_status":"open","sticky":false,"template":"","format":"standard","meta":{"_links_to":"","_links_to_target":""},"categories":[11270,1],"tags":[],"_links":{"self":[{"href":"https:\/\/derechoprocesal.umh.es\/en\/wp-json\/wp\/v2\/posts\/1856"}],"collection":[{"href":"https:\/\/derechoprocesal.umh.es\/en\/wp-json\/wp\/v2\/posts"}],"about":[{"href":"https:\/\/derechoprocesal.umh.es\/en\/wp-json\/wp\/v2\/types\/post"}],"author":[{"embeddable":true,"href":"https:\/\/derechoprocesal.umh.es\/en\/wp-json\/wp\/v2\/users\/5957"}],"replies":[{"embeddable":true,"href":"https:\/\/derechoprocesal.umh.es\/en\/wp-json\/wp\/v2\/comments?post=1856"}],"version-history":[{"count":0,"href":"https:\/\/derechoprocesal.umh.es\/en\/wp-json\/wp\/v2\/posts\/1856\/revisions"}],"wp:attachment":[{"href":"https:\/\/derechoprocesal.umh.es\/en\/wp-json\/wp\/v2\/media?parent=1856"}],"wp:term":[{"taxonomy":"category","embeddable":true,"href":"https:\/\/derechoprocesal.umh.es\/en\/wp-json\/wp\/v2\/categories?post=1856"},{"taxonomy":"post_tag","embeddable":true,"href":"https:\/\/derechoprocesal.umh.es\/en\/wp-json\/wp\/v2\/tags?post=1856"}],"curies":[{"name":"wp","href":"https:\/\/api.w.org\/{rel}","templated":true}]}}